{"id":8416,"date":"2022-12-06T18:57:35","date_gmt":"2022-12-06T16:57:35","guid":{"rendered":"https:\/\/www.npcyp.org\/?p=8416"},"modified":"2022-12-06T21:23:54","modified_gmt":"2022-12-06T19:23:54","slug":"processus-de-nairobi-une-note-de-plaidoyer-remise-au-secretariat-technique-de-leac-par-la-coalition-jps-et-le-npcyp","status":"publish","type":"post","link":"https:\/\/www.npcyp.org\/?p=8416","title":{"rendered":"Processus de Nairobi\u00a0: Une note de plaidoyer remise au secr\u00e9tariat technique de l\u2019EAC par la coalition JPS et le NPCYP"},"content":{"rendered":"\n<p>La coalition Jeunesse Paix et S\u00e9curit\u00e9 de la RDC pr\u00e9sid\u00e9e par le NPCYP reste pr\u00e9occup\u00e9e par la situation s\u00e9curitaire qui demeure instable \u00e0 l\u2019EST&nbsp; de la RDC et l\u2019implication des jeunes dans la pacification de cette partie du pays. L\u2019occasion faisant le larron, le NPCYP a fait entendre la voix des jeunes du Nord et du Sud Kivu \u00e0 la troisi\u00e8me consultation inter-congolaise sur le r\u00e9tablissement de la paix et de la s\u00e9curit\u00e9 \u00e0 l\u2019est de la RDC d\u00e9but\u00e9 le mercredi 30 novembre 2022 et qui s\u2019est cl\u00f4tur\u00e9 ce mardi 6 novembre 2022.<\/p>\n\n\n\n<p>\u00a0Au cours de ces assises, une note de plaidoyer a \u00e9t\u00e9 remise aux diff\u00e9rentes parties prenantes au dialogue de Nairobi entre autres au Secr\u00e9tariat technique de l\u2019EAC, au repr\u00e9sentant du chef de l\u2019Etat, le professeur Tshibangu Serge, \u00e0 la MONUSCO, au repr\u00e9sentant du secr\u00e9taire g\u00e9n\u00e9ral des nations unies, ainsi qu\u2019\u00e0 d\u2019autres membres de la soci\u00e9t\u00e9 civile repr\u00e9sentant de differentes provinces notamment le Nord et le Sud Kivu, le Tanganyika, l&rsquo;Ituri et le Maniema.<\/p>\n\n\n\n<p>\u2018\u2019La note a servi de base pour certains groupes de travaux et nous esp\u00e9rons que le secr\u00e9tariat tiendra compte des recommandations \u00e9mises dans cette note de plaidoyer qui reprend la voix de la jeunesse du Nord-Kivu\u2019\u2019 se r\u00e9jouit Steven Malaki, secr\u00e9taire ex\u00e9cutif de NPCYP et Co-pr\u00e9sident de la Coalition Jeunesse Paix et S\u00e9curit\u00e9 (JPS-RDC)<\/p>\n\n\n\n<p>&nbsp;Il s\u2019agit d\u2019un document pertinent qui rassemble plusieurs recommandations r\u00e9dig\u00e9es \u00e0 Goma par des organisations des jeunes au cours d\u2019un atelier sur l\u2019analyse et l\u2019\u00e9valuation r\u00e9trospective des accords de paix \u00e0 l\u2019Est de la RDC du 24 au 25 novembre 2022.<\/p>\n\n\n\n<p>Au cours de ces travaux, pro-actifs, les jeunes avaient pu analyser et \u00e9valuer tous les accords d\u00e9j\u00e0 sign\u00e9s pour la stabilisation de l\u2019EST congolais avant de formuler des recommandations que constitue la note de plaidoyer remise \u00e0 Nairobi.<\/p>\n\n\n\n<p><a href=\"http:\/\/www.npcyp.org\/wp-content\/uploads\/2022\/12\/Note-de-Plaidoyer-Processus-de-Nairobi-FR-1.pdf\" target=\"_blank\" rel=\"noreferrer noopener\">Retrouvez ici la note de plaidoyer en fran\u00e7ais<\/a> <\/p>\n\n\n\n<figure class=\"wp-block-embed-pdf-viewer-pdf wp-block-embed-pdf-viewer-pdf__content-wrapper aligncenter\"><object class=\"embed-pdf-viewer\" data=\"http:\/\/www.npcyp.org\/wp-content\/uploads\/2022\/12\/Note-de-Plaidoyer-Processus-de-Nairobi-FR.pdf#scrollbar=1&amp;toolbar=1\" type=\"application\/pdf\" height=\"88\" width=\"88\" title=\"\"><\/object><iframe loading=\"lazy\" class=\"embed-pdf-viewer\" src=\"https:\/\/docs.google.com\/viewer?url=http%3A%2F%2Fwww.npcyp.org%2Fwp-content%2Fuploads%2F2022%2F12%2FNote-de-Plaidoyer-Processus-de-Nairobi-FR.pdf&amp;embedded=true\" frameborder=\"0\" height=\"88\" width=\"88\" title=\"\"><\/iframe><\/figure>\n\n\n\n<p><a href=\"http:\/\/www.npcyp.org\/wp-content\/uploads\/2022\/12\/NOTE-DE-PLAIDOYER-NAIROBI-ENG.pdf\" data-type=\"URL\" data-id=\"http:\/\/www.npcyp.org\/wp-content\/uploads\/2022\/12\/NOTE-DE-PLAIDOYER-NAIROBI-ENG.pdf\" target=\"_blank\" rel=\"noreferrer noopener\">Retrouvez ici la note de plaidoyer en anglais<\/a> <\/p>\n\n\n\n<figure class=\"wp-block-embed-pdf-viewer-pdf wp-block-embed-pdf-viewer-pdf__content-wrapper aligncenter\"><object class=\"embed-pdf-viewer\" data=\"http:\/\/www.npcyp.org\/wp-content\/uploads\/2022\/12\/NOTE-DE-PLAIDOYER-NAIROBI-ENG.pdf#scrollbar=1&amp;toolbar=1\" type=\"application\/pdf\" height=\"90\" width=\"90\" title=\"\"><\/object><iframe loading=\"lazy\" class=\"embed-pdf-viewer\" src=\"https:\/\/docs.google.com\/viewer?url=http%3A%2F%2Fwww.npcyp.org%2Fwp-content%2Fuploads%2F2022%2F12%2FNOTE-DE-PLAIDOYER-NAIROBI-ENG.pdf&amp;embedded=true\" frameborder=\"0\" height=\"90\" width=\"90\" title=\"\"><\/iframe><\/figure>\n","protected":false},"excerpt":{"rendered":"<p>La coalition Jeunesse Paix et S\u00e9curit\u00e9 de la RDC pr\u00e9sid\u00e9e par le NPCYP reste pr\u00e9occup\u00e9e par la situation s\u00e9curitaire qui demeure instable \u00e0 l\u2019EST&nbsp; de la RDC et l\u2019implication des jeunes dans la pacification de cette partie du pays. L\u2019occasion faisant le larron, le NPCYP a fait entendre la voix des jeunes du Nord et [&hellip;]<\/p>\n","protected":false},"author":5,"featured_media":8418,"comment_status":"closed","ping_status":"closed","sticky":false,"template":"","format":"standard","meta":{"footnotes":"","jetpack_publicize_message":"","jetpack_is_tweetstorm":false,"jetpack_publicize_feature_enabled":true,"jetpack_social_post_already_shared":false,"jetpack_social_options":{"image_generator_settings":{"template":"highway","enabled":false}}},"categories":[65],"tags":[],"class_list":["post-8416","post","type-post","status-publish","format-standard","has-post-thumbnail","hentry","category-projet-arjpc"],"jetpack_publicize_connections":[],"jetpack_featured_media_url":"https:\/\/i0.wp.com\/www.npcyp.org\/wp-content\/uploads\/2022\/12\/WhatsApp-Image-2022-12-06-at-12.34.35.jpeg?fit=1024%2C768&ssl=1","jetpack_sharing_enabled":true,"rttpg_featured_image_url":{"full":["https:\/\/i0.wp.com\/www.npcyp.org\/wp-content\/uploads\/2022\/12\/WhatsApp-Image-2022-12-06-at-12.34.35.jpeg?fit=1024%2C768&ssl=1",1024,768,false],"landscape":["https:\/\/www.npcyp.org\/wp-content\/uploads\/2022\/12\/WhatsApp-Image-2022-12-06-at-12.34.35.jpeg",1024,768,false],"portraits":["https:\/\/www.npcyp.org\/wp-content\/uploads\/2022\/12\/WhatsApp-Image-2022-12-06-at-12.34.35.jpeg",1024,768,false],"thumbnail":["https:\/\/i0.wp.com\/www.npcyp.org\/wp-content\/uploads\/2022\/12\/WhatsApp-Image-2022-12-06-at-12.34.35.jpeg?resize=150%2C150&ssl=1",150,150,true],"medium":["https:\/\/i0.wp.com\/www.npcyp.org\/wp-content\/uploads\/2022\/12\/WhatsApp-Image-2022-12-06-at-12.34.35.jpeg?fit=300%2C225&ssl=1",300,225,true],"large":["https:\/\/i0.wp.com\/www.npcyp.org\/wp-content\/uploads\/2022\/12\/WhatsApp-Image-2022-12-06-at-12.34.35.jpeg?fit=960%2C720&ssl=1",960,720,true],"1536x1536":["https:\/\/i0.wp.com\/www.npcyp.org\/wp-content\/uploads\/2022\/12\/WhatsApp-Image-2022-12-06-at-12.34.35.jpeg?fit=1024%2C768&ssl=1",1024,768,true],"2048x2048":["https:\/\/i0.wp.com\/www.npcyp.org\/wp-content\/uploads\/2022\/12\/WhatsApp-Image-2022-12-06-at-12.34.35.jpeg?fit=1024%2C768&ssl=1",1024,768,true],"jetpack-portfolio-admin-thumb":["https:\/\/i0.wp.com\/www.npcyp.org\/wp-content\/uploads\/2022\/12\/WhatsApp-Image-2022-12-06-at-12.34.35.jpeg?resize=50%2C50&ssl=1",50,50,true]},"rttpg_author":{"display_name":"npcyp","author_link":"https:\/\/www.npcyp.org\/?author=5"},"rttpg_comment":0,"rttpg_category":"<a href=\"https:\/\/www.npcyp.org\/?cat=65\" rel=\"category\">Projet ARJPC<\/a>","rttpg_excerpt":"La coalition Jeunesse Paix et S\u00e9curit\u00e9 de la RDC pr\u00e9sid\u00e9e par le NPCYP reste pr\u00e9occup\u00e9e par la situation s\u00e9curitaire qui demeure instable \u00e0 l\u2019EST&nbsp; de la RDC et l\u2019implication des jeunes dans la pacification de cette partie du pays. L\u2019occasion faisant le larron, le NPCYP a fait entendre la voix des jeunes du Nord et\u2026","_links":{"self":[{"href":"https:\/\/www.npcyp.org\/index.php?rest_route=\/wp\/v2\/posts\/8416","targetHints":{"allow":["GET"]}}],"collection":[{"href":"https:\/\/www.npcyp.org\/index.php?rest_route=\/wp\/v2\/posts"}],"about":[{"href":"https:\/\/www.npcyp.org\/index.php?rest_route=\/wp\/v2\/types\/post"}],"author":[{"embeddable":true,"href":"https:\/\/www.npcyp.org\/index.php?rest_route=\/wp\/v2\/users\/5"}],"replies":[{"embeddable":true,"href":"https:\/\/www.npcyp.org\/index.php?rest_route=%2Fwp%2Fv2%2Fcomments&post=8416"}],"version-history":[{"count":7,"href":"https:\/\/www.npcyp.org\/index.php?rest_route=\/wp\/v2\/posts\/8416\/revisions"}],"predecessor-version":[{"id":8450,"href":"https:\/\/www.npcyp.org\/index.php?rest_route=\/wp\/v2\/posts\/8416\/revisions\/8450"}],"wp:featuredmedia":[{"embeddable":true,"href":"https:\/\/www.npcyp.org\/index.php?rest_route=\/wp\/v2\/media\/8418"}],"wp:attachment":[{"href":"https:\/\/www.npcyp.org\/index.php?rest_route=%2Fwp%2Fv2%2Fmedia&parent=8416"}],"wp:term":[{"taxonomy":"category","embeddable":true,"href":"https:\/\/www.npcyp.org\/index.php?rest_route=%2Fwp%2Fv2%2Fcategories&post=8416"},{"taxonomy":"post_tag","embeddable":true,"href":"https:\/\/www.npcyp.org\/index.php?rest_route=%2Fwp%2Fv2%2Ftags&post=8416"}],"curies":[{"name":"wp","href":"https:\/\/api.w.org\/{rel}","templated":true}]}}